{"id":1,"date":"2020-03-09T07:33:24","date_gmt":"2020-03-09T07:33:24","guid":{"rendered":"http:\/\/kominiarz-bieszczady.pl\/blog\/?p=1"},"modified":"2025-01-09T13:25:54","modified_gmt":"2025-01-09T13:25:54","slug":"hello-world","status":"publish","type":"post","link":"http:\/\/kominiarz-bieszczady.pl\/blog\/kominiarz\/hello-world\/","title":{"rendered":"Blog kominiarz-bieszczady"},"content":{"rendered":"\t\t<div data-elementor-type=\"wp-post\" data-elementor-id=\"1\" class=\"elementor elementor-1\">\n\t\t\t\t\t\t\t\t\t<section class=\"elementor-section elementor-top-section elementor-element elementor-element-795d3dcd elementor-section-boxed elementor-section-height-default elementor-section-height-default\" data-id=\"795d3dcd\" data-element_type=\"section\">\n\t\t\t\t\t\t<div class=\"elementor-container elementor-column-gap-default\">\n\t\t\t\t\t<div class=\"elementor-column elementor-col-100 elementor-top-column elementor-element elementor-element-152dde81\" data-id=\"152dde81\" data-element_type=\"column\">\n\t\t\t<div class=\"elementor-widget-wrap elementor-element-populated\">\n\t\t\t\t\t\t\t\t<div class=\"elementor-element elementor-element-4cbbbbea elementor-widget elementor-widget-text-editor\" data-id=\"4cbbbbea\" data-element_type=\"widget\" data-widget_type=\"text-editor.default\">\n\t\t\t\t<div class=\"elementor-widget-container\">\n\t\t\t<style>\/*! elementor - v3.13.3 - 28-05-2023 *\/\n.elementor-widget-text-editor.elementor-drop-cap-view-stacked .elementor-drop-cap{background-color:#69727d;color:#fff}.elementor-widget-text-editor.elementor-drop-cap-view-framed .elementor-drop-cap{color:#69727d;border:3px solid;background-color:transparent}.elementor-widget-text-editor:not(.elementor-drop-cap-view-default) .elementor-drop-cap{margin-top:8px}.elementor-widget-text-editor:not(.elementor-drop-cap-view-default) .elementor-drop-cap-letter{width:1em;height:1em}.elementor-widget-text-editor .elementor-drop-cap{float:left;text-align:center;line-height:1;font-size:50px}.elementor-widget-text-editor .elementor-drop-cap-letter{display:inline-block}<\/style>\t\t\t\tPi\u0119kna zima, wiosna, lato&nbsp; &nbsp; &nbsp; &nbsp; &nbsp; &nbsp; &nbsp; &nbsp; &nbsp; &nbsp; &nbsp; &nbsp; &nbsp; &nbsp; &nbsp; &nbsp; &nbsp; &nbsp; &nbsp; &nbsp; &nbsp; &nbsp; &nbsp; &nbsp; &nbsp; &nbsp; &nbsp; &nbsp; &nbsp; &nbsp; &nbsp; &nbsp;&nbsp;\r\n\r\n&nbsp;\r\n\r\n<span style=\"font-family: arial, helvetica, sans-serif; font-size: 14pt;\">Pi\u0119kna zima w Bieszczadach<\/span>\r\n\r\n<img loading=\"lazy\" decoding=\"async\" class=\"alignnone wp-image-369 size-large\" src=\"http:\/\/kominiarz-bieszczady.pl\/blog\/wp-content\/uploads\/2020\/03\/tarnawa-1024x576.jpg\" alt=\"\" width=\"812\" height=\"457\" srcset=\"http:\/\/kominiarz-bieszczady.pl\/blog\/wp-content\/uploads\/2020\/03\/tarnawa-1024x576.jpg 1024w, http:\/\/kominiarz-bieszczady.pl\/blog\/wp-content\/uploads\/2020\/03\/tarnawa-300x169.jpg 300w, http:\/\/kominiarz-bieszczady.pl\/blog\/wp-content\/uploads\/2020\/03\/tarnawa-768x432.jpg 768w, http:\/\/kominiarz-bieszczady.pl\/blog\/wp-content\/uploads\/2020\/03\/tarnawa.jpg 1328w\" sizes=\"(max-width: 812px) 100vw, 812px\" \/>&nbsp;&nbsp;&nbsp;&nbsp;\r\n\r\nWidok z okna&nbsp;&nbsp;&nbsp;&nbsp;&nbsp;&nbsp;&nbsp;&nbsp;&nbsp;&nbsp;&nbsp;&nbsp;&nbsp;&nbsp;&nbsp;&nbsp;&nbsp;&nbsp;&nbsp;&nbsp;&nbsp;&nbsp;&nbsp;&nbsp;&nbsp;&nbsp;&nbsp;&nbsp;&nbsp;&nbsp;&nbsp;&nbsp;&nbsp;&nbsp;&nbsp;&nbsp;&nbsp;&nbsp;&nbsp;&nbsp;&nbsp;&nbsp;&nbsp;&nbsp;&nbsp;&nbsp;&nbsp;&nbsp;&nbsp;&nbsp;&nbsp;&nbsp;&nbsp;&nbsp;&nbsp;&nbsp;&nbsp;&nbsp;&nbsp;&nbsp;&nbsp;&nbsp;&nbsp;&nbsp;&nbsp;&nbsp;&nbsp;&nbsp;&nbsp;&nbsp;&nbsp;&nbsp;\r\n\r\n&nbsp;\r\n\r\n<div id=\"attachment_260\" style=\"width: 822px\" class=\"wp-caption alignnone\"><img loading=\"lazy\" decoding=\"async\" aria-describedby=\"caption-attachment-260\" class=\"wp-image-260 size-large\" src=\"http:\/\/kominiarz-bieszczady.pl\/blog\/wp-content\/uploads\/2020\/03\/kapliczka-na-Gruszce-1024x768.jpg\" alt=\"\" width=\"812\" height=\"609\" srcset=\"http:\/\/kominiarz-bieszczady.pl\/blog\/wp-content\/uploads\/2020\/03\/kapliczka-na-Gruszce-1024x768.jpg 1024w, http:\/\/kominiarz-bieszczady.pl\/blog\/wp-content\/uploads\/2020\/03\/kapliczka-na-Gruszce-300x225.jpg 300w, http:\/\/kominiarz-bieszczady.pl\/blog\/wp-content\/uploads\/2020\/03\/kapliczka-na-Gruszce-768x576.jpg 768w, http:\/\/kominiarz-bieszczady.pl\/blog\/wp-content\/uploads\/2020\/03\/kapliczka-na-Gruszce-1536x1152.jpg 1536w, http:\/\/kominiarz-bieszczady.pl\/blog\/wp-content\/uploads\/2020\/03\/kapliczka-na-Gruszce-2048x1536.jpg 2048w\" sizes=\"(max-width: 812px) 100vw, 812px\" \/><p id=\"caption-attachment-260\" class=\"wp-caption-text\">Kapliczka na Gruszce<\/p><\/div>\r\n\r\n&nbsp;&nbsp;&nbsp;&nbsp;&nbsp;&nbsp;&nbsp;&nbsp;&nbsp;&nbsp;&nbsp;&nbsp;&nbsp;&nbsp;&nbsp;&nbsp;&nbsp;&nbsp;&nbsp;&nbsp;&nbsp;&nbsp;&nbsp;&nbsp;&nbsp;&nbsp;&nbsp;&nbsp;&nbsp;&nbsp;&nbsp;&nbsp;&nbsp;&nbsp;&nbsp;&nbsp;&nbsp;&nbsp;&nbsp;&nbsp;&nbsp;&nbsp;&nbsp;&nbsp;&nbsp;&nbsp;&nbsp;&nbsp;&nbsp;&nbsp;&nbsp;&nbsp;&nbsp;&nbsp;&nbsp;&nbsp;&nbsp;&nbsp;&nbsp;&nbsp;&nbsp;&nbsp;&nbsp;&nbsp;&nbsp;&nbsp;&nbsp;&nbsp;&nbsp;&nbsp;&nbsp;&nbsp;&nbsp;&nbsp;&nbsp;&nbsp;&nbsp;&nbsp;&nbsp;&nbsp;&nbsp;&nbsp;&nbsp;\r\n\r\n<img loading=\"lazy\" decoding=\"async\" class=\"alignnone wp-image-262 size-large\" src=\"http:\/\/kominiarz-bieszczady.pl\/blog\/wp-content\/uploads\/2020\/03\/Kulaszne-1024x768.jpg\" alt=\"\" width=\"812\" height=\"609\" srcset=\"http:\/\/kominiarz-bieszczady.pl\/blog\/wp-content\/uploads\/2020\/03\/Kulaszne-1024x768.jpg 1024w, http:\/\/kominiarz-bieszczady.pl\/blog\/wp-content\/uploads\/2020\/03\/Kulaszne-300x225.jpg 300w, http:\/\/kominiarz-bieszczady.pl\/blog\/wp-content\/uploads\/2020\/03\/Kulaszne-768x576.jpg 768w, http:\/\/kominiarz-bieszczady.pl\/blog\/wp-content\/uploads\/2020\/03\/Kulaszne.jpg 1280w\" sizes=\"(max-width: 812px) 100vw, 812px\" \/>\r\n\r\n&nbsp;\r\n\r\n<img loading=\"lazy\" decoding=\"async\" class=\"alignnone wp-image-230 size-large\" src=\"http:\/\/kominiarz-bieszczady.pl\/blog\/wp-content\/uploads\/2020\/03\/20101211172-1024x768.jpg\" alt=\"\" width=\"812\" height=\"609\" srcset=\"http:\/\/kominiarz-bieszczady.pl\/blog\/wp-content\/uploads\/2020\/03\/20101211172-1024x768.jpg 1024w, http:\/\/kominiarz-bieszczady.pl\/blog\/wp-content\/uploads\/2020\/03\/20101211172-300x225.jpg 300w, http:\/\/kominiarz-bieszczady.pl\/blog\/wp-content\/uploads\/2020\/03\/20101211172-768x576.jpg 768w, http:\/\/kominiarz-bieszczady.pl\/blog\/wp-content\/uploads\/2020\/03\/20101211172-1536x1152.jpg 1536w, http:\/\/kominiarz-bieszczady.pl\/blog\/wp-content\/uploads\/2020\/03\/20101211172.jpg 2048w\" sizes=\"(max-width: 812px) 100vw, 812px\" \/>\r\n\r\n&nbsp;\r\n\r\n<img loading=\"lazy\" decoding=\"async\" class=\"alignnone wp-image-206 size-large\" src=\"http:\/\/kominiarz-bieszczady.pl\/blog\/wp-content\/uploads\/2020\/03\/20101211173-768x1024.jpg\" alt=\"\" width=\"768\" height=\"1024\" srcset=\"http:\/\/kominiarz-bieszczady.pl\/blog\/wp-content\/uploads\/2020\/03\/20101211173-768x1024.jpg 768w, http:\/\/kominiarz-bieszczady.pl\/blog\/wp-content\/uploads\/2020\/03\/20101211173-225x300.jpg 225w, http:\/\/kominiarz-bieszczady.pl\/blog\/wp-content\/uploads\/2020\/03\/20101211173-1152x1536.jpg 1152w, http:\/\/kominiarz-bieszczady.pl\/blog\/wp-content\/uploads\/2020\/03\/20101211173.jpg 1536w\" sizes=\"(max-width: 768px) 100vw, 768px\" \/>&nbsp;&nbsp;&nbsp;\r\n\r\n&nbsp;\r\n\r\n<img loading=\"lazy\" decoding=\"async\" class=\"alignnone wp-image-165 size-large\" src=\"http:\/\/kominiarz-bieszczady.pl\/blog\/wp-content\/uploads\/2020\/03\/WhatsApp-Image-2021-12-16-at-21.11.20-1024x768.jpeg\" alt=\"\" width=\"812\" height=\"609\" srcset=\"http:\/\/kominiarz-bieszczady.pl\/blog\/wp-content\/uploads\/2020\/03\/WhatsApp-Image-2021-12-16-at-21.11.20-1024x768.jpeg 1024w, http:\/\/kominiarz-bieszczady.pl\/blog\/wp-content\/uploads\/2020\/03\/WhatsApp-Image-2021-12-16-at-21.11.20-300x225.jpeg 300w, http:\/\/kominiarz-bieszczady.pl\/blog\/wp-content\/uploads\/2020\/03\/WhatsApp-Image-2021-12-16-at-21.11.20-768x576.jpeg 768w, http:\/\/kominiarz-bieszczady.pl\/blog\/wp-content\/uploads\/2020\/03\/WhatsApp-Image-2021-12-16-at-21.11.20-1536x1152.jpeg 1536w, http:\/\/kominiarz-bieszczady.pl\/blog\/wp-content\/uploads\/2020\/03\/WhatsApp-Image-2021-12-16-at-21.11.20.jpeg 1600w\" sizes=\"(max-width: 812px) 100vw, 812px\" \/> &nbsp;\r\n\r\n&nbsp;\r\n\r\n<img loading=\"lazy\" decoding=\"async\" class=\"alignnone wp-image-383 size-large\" src=\"http:\/\/kominiarz-bieszczady.pl\/blog\/wp-content\/uploads\/2020\/03\/Lobozew-G.-1024x768.jpeg\" alt=\"\" width=\"812\" height=\"609\" srcset=\"http:\/\/kominiarz-bieszczady.pl\/blog\/wp-content\/uploads\/2020\/03\/Lobozew-G.-1024x768.jpeg 1024w, http:\/\/kominiarz-bieszczady.pl\/blog\/wp-content\/uploads\/2020\/03\/Lobozew-G.-300x225.jpeg 300w, http:\/\/kominiarz-bieszczady.pl\/blog\/wp-content\/uploads\/2020\/03\/Lobozew-G.-768x576.jpeg 768w, http:\/\/kominiarz-bieszczady.pl\/blog\/wp-content\/uploads\/2020\/03\/Lobozew-G.-1536x1152.jpeg 1536w, http:\/\/kominiarz-bieszczady.pl\/blog\/wp-content\/uploads\/2020\/03\/Lobozew-G..jpeg 1600w\" sizes=\"(max-width: 812px) 100vw, 812px\" \/>\r\n\r\n<img loading=\"lazy\" decoding=\"async\" class=\"alignnone wp-image-384 size-large\" src=\"http:\/\/kominiarz-bieszczady.pl\/blog\/wp-content\/uploads\/2020\/03\/Wiata-w-Lobozewie-Zukow-1024x768.jpeg\" alt=\"\" width=\"812\" height=\"609\" srcset=\"http:\/\/kominiarz-bieszczady.pl\/blog\/wp-content\/uploads\/2020\/03\/Wiata-w-Lobozewie-Zukow-1024x768.jpeg 1024w, http:\/\/kominiarz-bieszczady.pl\/blog\/wp-content\/uploads\/2020\/03\/Wiata-w-Lobozewie-Zukow-300x225.jpeg 300w, http:\/\/kominiarz-bieszczady.pl\/blog\/wp-content\/uploads\/2020\/03\/Wiata-w-Lobozewie-Zukow-768x576.jpeg 768w, http:\/\/kominiarz-bieszczady.pl\/blog\/wp-content\/uploads\/2020\/03\/Wiata-w-Lobozewie-Zukow-1536x1152.jpeg 1536w, http:\/\/kominiarz-bieszczady.pl\/blog\/wp-content\/uploads\/2020\/03\/Wiata-w-Lobozewie-Zukow.jpeg 1600w\" sizes=\"(max-width: 812px) 100vw, 812px\" \/>\r\n\r\n\u017buk\u00f3w &#8211; zima nie ust\u0119puje a ju\u017c marzec\r\n\r\n<div style=\"width: 640px;\" class=\"wp-video\"><!--[if lt IE 9]><script>document.createElement('video');<\/script><![endif]-->\n<video class=\"wp-video-shortcode\" id=\"video-1-1\" width=\"640\" height=\"352\" preload=\"metadata\" controls=\"controls\"><source type=\"video\/mp4\" src=\"http:\/\/kominiarz-bieszczady.pl\/blog\/wp-content\/uploads\/2020\/03\/przedwiosnie.mp4?_=1\" \/><a href=\"http:\/\/kominiarz-bieszczady.pl\/blog\/wp-content\/uploads\/2020\/03\/przedwiosnie.mp4\">http:\/\/kominiarz-bieszczady.pl\/blog\/wp-content\/uploads\/2020\/03\/przedwiosnie.mp4<\/a><\/video><\/div>\r\n\r\n&nbsp;&nbsp;&nbsp;&nbsp;&nbsp;&nbsp;&nbsp;&nbsp;&nbsp;&nbsp;&nbsp;&nbsp;&nbsp;&nbsp;&nbsp;&nbsp;&nbsp;&nbsp;&nbsp;&nbsp;&nbsp;&nbsp;&nbsp;&nbsp;&nbsp;&nbsp;&nbsp;&nbsp;&nbsp;&nbsp;&nbsp;&nbsp;&nbsp;&nbsp;&nbsp;&nbsp;&nbsp;&nbsp;&nbsp;&nbsp;&nbsp;&nbsp;&nbsp;&nbsp;&nbsp;&nbsp;&nbsp;&nbsp;&nbsp;&nbsp;&nbsp;&nbsp;&nbsp;&nbsp;&nbsp;&nbsp;&nbsp;&nbsp;&nbsp;&nbsp;&nbsp;&nbsp;&nbsp;&nbsp;&nbsp;&nbsp;<span style=\"font-family: arial, helvetica, sans-serif;\">&nbsp; Przedwio\u015bnie w Bieszczadach<\/span>\r\n\r\n<img loading=\"lazy\" decoding=\"async\" class=\"alignnone wp-image-388 size-large\" src=\"http:\/\/kominiarz-bieszczady.pl\/blog\/wp-content\/uploads\/2020\/03\/WhatsApp-Image-2022-03-06-at-17.23.46-1024x768.jpeg\" alt=\"\" width=\"812\" height=\"609\" srcset=\"http:\/\/kominiarz-bieszczady.pl\/blog\/wp-content\/uploads\/2020\/03\/WhatsApp-Image-2022-03-06-at-17.23.46-1024x768.jpeg 1024w, http:\/\/kominiarz-bieszczady.pl\/blog\/wp-content\/uploads\/2020\/03\/WhatsApp-Image-2022-03-06-at-17.23.46-300x225.jpeg 300w, http:\/\/kominiarz-bieszczady.pl\/blog\/wp-content\/uploads\/2020\/03\/WhatsApp-Image-2022-03-06-at-17.23.46-768x576.jpeg 768w, http:\/\/kominiarz-bieszczady.pl\/blog\/wp-content\/uploads\/2020\/03\/WhatsApp-Image-2022-03-06-at-17.23.46-1536x1152.jpeg 1536w, http:\/\/kominiarz-bieszczady.pl\/blog\/wp-content\/uploads\/2020\/03\/WhatsApp-Image-2022-03-06-at-17.23.46.jpeg 2016w\" sizes=\"(max-width: 812px) 100vw, 812px\" \/>\r\n\r\n<img loading=\"lazy\" decoding=\"async\" class=\"alignnone wp-image-392 size-large\" src=\"http:\/\/kominiarz-bieszczady.pl\/blog\/wp-content\/uploads\/2020\/03\/WhatsApp-Image-2022-03-11-at-16.13.10-768x1024.jpeg\" alt=\"\" width=\"768\" height=\"1024\" srcset=\"http:\/\/kominiarz-bieszczady.pl\/blog\/wp-content\/uploads\/2020\/03\/WhatsApp-Image-2022-03-11-at-16.13.10-768x1024.jpeg 768w, http:\/\/kominiarz-bieszczady.pl\/blog\/wp-content\/uploads\/2020\/03\/WhatsApp-Image-2022-03-11-at-16.13.10-225x300.jpeg 225w, http:\/\/kominiarz-bieszczady.pl\/blog\/wp-content\/uploads\/2020\/03\/WhatsApp-Image-2022-03-11-at-16.13.10-1152x1536.jpeg 1152w, http:\/\/kominiarz-bieszczady.pl\/blog\/wp-content\/uploads\/2020\/03\/WhatsApp-Image-2022-03-11-at-16.13.10.jpeg 1512w\" sizes=\"(max-width: 768px) 100vw, 768px\" \/>\r\n\r\n&nbsp;&nbsp;&nbsp;&nbsp;&nbsp;&nbsp;&nbsp;&nbsp;&nbsp;&nbsp;&nbsp;&nbsp;&nbsp;&nbsp;&nbsp;&nbsp;&nbsp;&nbsp;&nbsp;&nbsp;&nbsp;&nbsp;&nbsp;&nbsp;&nbsp;&nbsp;&nbsp;&nbsp;&nbsp;&nbsp;&nbsp;&nbsp;&nbsp;&nbsp;&nbsp;&nbsp;&nbsp;&nbsp;&nbsp;&nbsp;&nbsp;&nbsp;&nbsp;&nbsp;&nbsp;&nbsp;&nbsp;&nbsp;&nbsp;&nbsp;&nbsp;&nbsp;&nbsp;&nbsp;&nbsp;&nbsp;&nbsp;&nbsp;&nbsp;&nbsp;&nbsp;&nbsp; Bieszczadzka sp\u00f3\u017aniona wiosna\r\n\r\n<img loading=\"lazy\" decoding=\"async\" class=\"alignnone wp-image-395 size-large\" src=\"http:\/\/kominiarz-bieszczady.pl\/blog\/wp-content\/uploads\/2020\/03\/WhatsApp-Image-2022-03-14-at-16.32.44-768x1024.jpeg\" alt=\"\" width=\"768\" height=\"1024\" srcset=\"http:\/\/kominiarz-bieszczady.pl\/blog\/wp-content\/uploads\/2020\/03\/WhatsApp-Image-2022-03-14-at-16.32.44-768x1024.jpeg 768w, http:\/\/kominiarz-bieszczady.pl\/blog\/wp-content\/uploads\/2020\/03\/WhatsApp-Image-2022-03-14-at-16.32.44-225x300.jpeg 225w, http:\/\/kominiarz-bieszczady.pl\/blog\/wp-content\/uploads\/2020\/03\/WhatsApp-Image-2022-03-14-at-16.32.44-1152x1536.jpeg 1152w, http:\/\/kominiarz-bieszczady.pl\/blog\/wp-content\/uploads\/2020\/03\/WhatsApp-Image-2022-03-14-at-16.32.44.jpeg 1512w\" sizes=\"(max-width: 768px) 100vw, 768px\" \/>\r\n\r\n<img loading=\"lazy\" decoding=\"async\" class=\"alignnone wp-image-432 size-large\" src=\"http:\/\/kominiarz-bieszczady.pl\/blog\/wp-content\/uploads\/2020\/03\/WhatsApp-Image-2022-05-03-at-10.11.26-1024x768.jpeg\" alt=\"\" width=\"812\" height=\"609\" srcset=\"http:\/\/kominiarz-bieszczady.pl\/blog\/wp-content\/uploads\/2020\/03\/WhatsApp-Image-2022-05-03-at-10.11.26-1024x768.jpeg 1024w, http:\/\/kominiarz-bieszczady.pl\/blog\/wp-content\/uploads\/2020\/03\/WhatsApp-Image-2022-05-03-at-10.11.26-300x225.jpeg 300w, http:\/\/kominiarz-bieszczady.pl\/blog\/wp-content\/uploads\/2020\/03\/WhatsApp-Image-2022-05-03-at-10.11.26-768x576.jpeg 768w, http:\/\/kominiarz-bieszczady.pl\/blog\/wp-content\/uploads\/2020\/03\/WhatsApp-Image-2022-05-03-at-10.11.26-1536x1152.jpeg 1536w, http:\/\/kominiarz-bieszczady.pl\/blog\/wp-content\/uploads\/2020\/03\/WhatsApp-Image-2022-05-03-at-10.11.26.jpeg 1600w\" sizes=\"(max-width: 812px) 100vw, 812px\" \/>\r\n\r\n<img loading=\"lazy\" decoding=\"async\" class=\"alignnone wp-image-431 size-large\" src=\"http:\/\/kominiarz-bieszczady.pl\/blog\/wp-content\/uploads\/2020\/03\/WhatsApp-Image-2022-05-03-at-10.11.37-1024x768.jpeg\" alt=\"\" width=\"812\" height=\"609\" srcset=\"http:\/\/kominiarz-bieszczady.pl\/blog\/wp-content\/uploads\/2020\/03\/WhatsApp-Image-2022-05-03-at-10.11.37-1024x768.jpeg 1024w, http:\/\/kominiarz-bieszczady.pl\/blog\/wp-content\/uploads\/2020\/03\/WhatsApp-Image-2022-05-03-at-10.11.37-300x225.jpeg 300w, http:\/\/kominiarz-bieszczady.pl\/blog\/wp-content\/uploads\/2020\/03\/WhatsApp-Image-2022-05-03-at-10.11.37-768x576.jpeg 768w, http:\/\/kominiarz-bieszczady.pl\/blog\/wp-content\/uploads\/2020\/03\/WhatsApp-Image-2022-05-03-at-10.11.37-1536x1152.jpeg 1536w, http:\/\/kominiarz-bieszczady.pl\/blog\/wp-content\/uploads\/2020\/03\/WhatsApp-Image-2022-05-03-at-10.11.37.jpeg 1600w\" sizes=\"(max-width: 812px) 100vw, 812px\" \/>\r\n\r\n<span style=\"font-family: arial, helvetica, sans-serif;\">&nbsp;&nbsp;&nbsp;&nbsp;&nbsp;&nbsp;&nbsp;&nbsp;&nbsp;&nbsp;&nbsp;&nbsp;&nbsp;&nbsp;&nbsp;&nbsp;&nbsp;&nbsp;&nbsp;&nbsp;&nbsp;&nbsp;&nbsp;&nbsp;&nbsp;&nbsp;&nbsp;&nbsp;&nbsp;&nbsp;&nbsp;&nbsp;&nbsp;&nbsp;&nbsp;&nbsp;&nbsp;&nbsp;&nbsp;&nbsp;&nbsp;&nbsp;&nbsp;&nbsp;&nbsp;&nbsp;&nbsp;&nbsp;&nbsp;&nbsp;&nbsp;&nbsp;&nbsp;&nbsp;&nbsp;&nbsp;&nbsp;&nbsp;&nbsp;&nbsp;&nbsp;&nbsp; Bieszczadzkie kwitn\u0105ce &#8222;sady<\/span>&#8221;\r\n\r\n<img loading=\"lazy\" decoding=\"async\" class=\"alignnone wp-image-433 size-large\" src=\"http:\/\/kominiarz-bieszczady.pl\/blog\/wp-content\/uploads\/2020\/03\/WhatsApp-Image-2022-05-03-at-10.11.12-768x1024.jpeg\" alt=\"\" width=\"768\" height=\"1024\" srcset=\"http:\/\/kominiarz-bieszczady.pl\/blog\/wp-content\/uploads\/2020\/03\/WhatsApp-Image-2022-05-03-at-10.11.12-768x1024.jpeg 768w, http:\/\/kominiarz-bieszczady.pl\/blog\/wp-content\/uploads\/2020\/03\/WhatsApp-Image-2022-05-03-at-10.11.12-225x300.jpeg 225w, http:\/\/kominiarz-bieszczady.pl\/blog\/wp-content\/uploads\/2020\/03\/WhatsApp-Image-2022-05-03-at-10.11.12-1152x1536.jpeg 1152w, http:\/\/kominiarz-bieszczady.pl\/blog\/wp-content\/uploads\/2020\/03\/WhatsApp-Image-2022-05-03-at-10.11.12.jpeg 1200w\" sizes=\"(max-width: 768px) 100vw, 768px\" \/>\r\n\r\n<img loading=\"lazy\" decoding=\"async\" class=\"alignnone wp-image-435 size-large\" src=\"http:\/\/kominiarz-bieszczady.pl\/blog\/wp-content\/uploads\/2020\/03\/WhatsApp-Image-2022-05-03-at-14.38.44-1024x768.jpeg\" alt=\"\" width=\"812\" height=\"609\" srcset=\"http:\/\/kominiarz-bieszczady.pl\/blog\/wp-content\/uploads\/2020\/03\/WhatsApp-Image-2022-05-03-at-14.38.44-1024x768.jpeg 1024w, http:\/\/kominiarz-bieszczady.pl\/blog\/wp-content\/uploads\/2020\/03\/WhatsApp-Image-2022-05-03-at-14.38.44-300x225.jpeg 300w, http:\/\/kominiarz-bieszczady.pl\/blog\/wp-content\/uploads\/2020\/03\/WhatsApp-Image-2022-05-03-at-14.38.44-768x576.jpeg 768w, http:\/\/kominiarz-bieszczady.pl\/blog\/wp-content\/uploads\/2020\/03\/WhatsApp-Image-2022-05-03-at-14.38.44-1536x1152.jpeg 1536w, http:\/\/kominiarz-bieszczady.pl\/blog\/wp-content\/uploads\/2020\/03\/WhatsApp-Image-2022-05-03-at-14.38.44.jpeg 1600w\" sizes=\"(max-width: 812px) 100vw, 812px\" \/>\r\n\r\n<span style=\"font-family: arial, helvetica, sans-serif;\">Bieszczady wiosn\u0105<\/span>\r\n\r\n<img loading=\"lazy\" decoding=\"async\" class=\"alignnone wp-image-483 size-large\" src=\"http:\/\/kominiarz-bieszczady.pl\/blog\/wp-content\/uploads\/2020\/03\/bieszczady-1024x768.jpeg\" alt=\"\" width=\"812\" height=\"609\" srcset=\"http:\/\/kominiarz-bieszczady.pl\/blog\/wp-content\/uploads\/2020\/03\/bieszczady-1024x768.jpeg 1024w, http:\/\/kominiarz-bieszczady.pl\/blog\/wp-content\/uploads\/2020\/03\/bieszczady-300x225.jpeg 300w, http:\/\/kominiarz-bieszczady.pl\/blog\/wp-content\/uploads\/2020\/03\/bieszczady-768x576.jpeg 768w, http:\/\/kominiarz-bieszczady.pl\/blog\/wp-content\/uploads\/2020\/03\/bieszczady-1536x1152.jpeg 1536w, http:\/\/kominiarz-bieszczady.pl\/blog\/wp-content\/uploads\/2020\/03\/bieszczady.jpeg 1600w\" sizes=\"(max-width: 812px) 100vw, 812px\" \/>\r\n\r\n<span style=\"font-family: arial, helvetica, sans-serif;\">Zalew Soli\u0144ski &#8211; widok z Pola\u0144czyka<\/span>\r\n\r\n<div style=\"width: 640px;\" class=\"wp-video\"><video class=\"wp-video-shortcode\" id=\"video-1-2\" width=\"640\" height=\"352\" preload=\"metadata\" controls=\"controls\"><source type=\"video\/mp4\" src=\"http:\/\/kominiarz-bieszczady.pl\/blog\/wp-content\/uploads\/2020\/03\/Polanczyk-widok.mp4?_=2\" \/><a href=\"http:\/\/kominiarz-bieszczady.pl\/blog\/wp-content\/uploads\/2020\/03\/Polanczyk-widok.mp4\">http:\/\/kominiarz-bieszczady.pl\/blog\/wp-content\/uploads\/2020\/03\/Polanczyk-widok.mp4<\/a><\/video><\/div>\r\n\r\n<img loading=\"lazy\" decoding=\"async\" class=\"alignnone wp-image-486 size-large\" src=\"http:\/\/kominiarz-bieszczady.pl\/blog\/wp-content\/uploads\/2020\/03\/WhatsApp-Image-2022-05-15-at-15.53.39-1024x768.jpeg\" alt=\"\" width=\"812\" height=\"609\" srcset=\"http:\/\/kominiarz-bieszczady.pl\/blog\/wp-content\/uploads\/2020\/03\/WhatsApp-Image-2022-05-15-at-15.53.39-1024x768.jpeg 1024w, http:\/\/kominiarz-bieszczady.pl\/blog\/wp-content\/uploads\/2020\/03\/WhatsApp-Image-2022-05-15-at-15.53.39-300x225.jpeg 300w, http:\/\/kominiarz-bieszczady.pl\/blog\/wp-content\/uploads\/2020\/03\/WhatsApp-Image-2022-05-15-at-15.53.39-768x576.jpeg 768w, http:\/\/kominiarz-bieszczady.pl\/blog\/wp-content\/uploads\/2020\/03\/WhatsApp-Image-2022-05-15-at-15.53.39-1536x1152.jpeg 1536w, http:\/\/kominiarz-bieszczady.pl\/blog\/wp-content\/uploads\/2020\/03\/WhatsApp-Image-2022-05-15-at-15.53.39.jpeg 2016w\" sizes=\"(max-width: 812px) 100vw, 812px\" \/>\r\n\r\n<img loading=\"lazy\" decoding=\"async\" class=\"alignnone wp-image-489 size-large\" src=\"http:\/\/kominiarz-bieszczady.pl\/blog\/wp-content\/uploads\/2020\/03\/Terka-1024x768.jpeg\" alt=\"\" width=\"812\" height=\"609\" srcset=\"http:\/\/kominiarz-bieszczady.pl\/blog\/wp-content\/uploads\/2020\/03\/Terka-1024x768.jpeg 1024w, http:\/\/kominiarz-bieszczady.pl\/blog\/wp-content\/uploads\/2020\/03\/Terka-300x225.jpeg 300w, http:\/\/kominiarz-bieszczady.pl\/blog\/wp-content\/uploads\/2020\/03\/Terka-768x576.jpeg 768w, http:\/\/kominiarz-bieszczady.pl\/blog\/wp-content\/uploads\/2020\/03\/Terka-1536x1152.jpeg 1536w, http:\/\/kominiarz-bieszczady.pl\/blog\/wp-content\/uploads\/2020\/03\/Terka.jpeg 1600w\" sizes=\"(max-width: 812px) 100vw, 812px\" \/>\r\n\r\n<span style=\"font-family: arial, helvetica, sans-serif;\">&nbsp;&nbsp;&nbsp;&nbsp;&nbsp;&nbsp;&nbsp;&nbsp;&nbsp;&nbsp;&nbsp;&nbsp;&nbsp;&nbsp;&nbsp;&nbsp;&nbsp;&nbsp;&nbsp;&nbsp;&nbsp;&nbsp;&nbsp;&nbsp;&nbsp;&nbsp;&nbsp;&nbsp;&nbsp;&nbsp;&nbsp;&nbsp;&nbsp;&nbsp;&nbsp;&nbsp;&nbsp;&nbsp;&nbsp;&nbsp;&nbsp;&nbsp;&nbsp;&nbsp;&nbsp;&nbsp;&nbsp;&nbsp;&nbsp;&nbsp;&nbsp;&nbsp;&nbsp;&nbsp;&nbsp;&nbsp;&nbsp;&nbsp;&nbsp;&nbsp;&nbsp;&nbsp;&nbsp;&nbsp;&nbsp;&nbsp;&nbsp;&nbsp;&nbsp;&nbsp;&nbsp;&nbsp;&nbsp;&nbsp;&nbsp; Maj w Bieszczadach<\/span>\r\n\r\n<img loading=\"lazy\" decoding=\"async\" class=\"alignnone wp-image-498 size-large\" src=\"http:\/\/kominiarz-bieszczady.pl\/blog\/wp-content\/uploads\/2020\/03\/Polanki-1024x768.jpeg\" alt=\"\" width=\"812\" height=\"609\" srcset=\"http:\/\/kominiarz-bieszczady.pl\/blog\/wp-content\/uploads\/2020\/03\/Polanki-1024x768.jpeg 1024w, http:\/\/kominiarz-bieszczady.pl\/blog\/wp-content\/uploads\/2020\/03\/Polanki-300x225.jpeg 300w, http:\/\/kominiarz-bieszczady.pl\/blog\/wp-content\/uploads\/2020\/03\/Polanki-768x576.jpeg 768w, http:\/\/kominiarz-bieszczady.pl\/blog\/wp-content\/uploads\/2020\/03\/Polanki-1536x1152.jpeg 1536w, http:\/\/kominiarz-bieszczady.pl\/blog\/wp-content\/uploads\/2020\/03\/Polanki.jpeg 1600w\" sizes=\"(max-width: 812px) 100vw, 812px\" \/>\r\n\r\n<span style=\"font-family: arial, helvetica, sans-serif;\">&nbsp;&nbsp;&nbsp;&nbsp;&nbsp;&nbsp;&nbsp;&nbsp;&nbsp;&nbsp;&nbsp;&nbsp;&nbsp;&nbsp;&nbsp;&nbsp;&nbsp;&nbsp;&nbsp;&nbsp;&nbsp;&nbsp;&nbsp;&nbsp;&nbsp;&nbsp;&nbsp;&nbsp;&nbsp;&nbsp;&nbsp;&nbsp;&nbsp;&nbsp;&nbsp;&nbsp;&nbsp;&nbsp;&nbsp;&nbsp;&nbsp;&nbsp;&nbsp;&nbsp;&nbsp;&nbsp;&nbsp;&nbsp;&nbsp;&nbsp;&nbsp;&nbsp;&nbsp;&nbsp;&nbsp;&nbsp;&nbsp;&nbsp;&nbsp;&nbsp;&nbsp;&nbsp; Wiosenny wiecz\u00f3r w Bieszczadach<\/span>\r\n\r\n<img loading=\"lazy\" decoding=\"async\" class=\"alignnone wp-image-500 size-large\" src=\"http:\/\/kominiarz-bieszczady.pl\/blog\/wp-content\/uploads\/2020\/03\/wieczor-1024x768.jpeg\" alt=\"\" width=\"812\" height=\"609\" srcset=\"http:\/\/kominiarz-bieszczady.pl\/blog\/wp-content\/uploads\/2020\/03\/wieczor-1024x768.jpeg 1024w, http:\/\/kominiarz-bieszczady.pl\/blog\/wp-content\/uploads\/2020\/03\/wieczor-300x225.jpeg 300w, http:\/\/kominiarz-bieszczady.pl\/blog\/wp-content\/uploads\/2020\/03\/wieczor-768x576.jpeg 768w, http:\/\/kominiarz-bieszczady.pl\/blog\/wp-content\/uploads\/2020\/03\/wieczor-1536x1152.jpeg 1536w, http:\/\/kominiarz-bieszczady.pl\/blog\/wp-content\/uploads\/2020\/03\/wieczor.jpeg 2016w\" sizes=\"(max-width: 812px) 100vw, 812px\" \/>\t\t\t\t\t\t<\/div>\n\t\t\t\t<\/div>\n\t\t\t\t\t<\/div>\n\t\t<\/div>\n\t\t\t\t\t\t\t<\/div>\n\t\t<\/section>\n\t\t\t\t<section class=\"elementor-section elementor-top-section elementor-element elementor-element-0ca7483 elementor-section-boxed elementor-section-height-default elementor-section-height-default\" data-id=\"0ca7483\" data-element_type=\"section\">\n\t\t\t\t\t\t<div class=\"elementor-container elementor-column-gap-default\">\n\t\t\t\t\t<div class=\"elementor-column elementor-col-100 elementor-top-column elementor-element elementor-element-c83e9f7\" data-id=\"c83e9f7\" data-element_type=\"column\">\n\t\t\t<div class=\"elementor-widget-wrap\">\n\t\t\t\t\t\t\t\t\t<\/div>\n\t\t<\/div>\n\t\t\t\t\t\t\t<\/div>\n\t\t<\/section>\n\t\t\t\t<section class=\"elementor-section elementor-top-section elementor-element elementor-element-f18107b elementor-section-boxed elementor-section-height-default elementor-section-height-default\" data-id=\"f18107b\" data-element_type=\"section\">\n\t\t\t\t\t\t<div class=\"elementor-container elementor-column-gap-default\">\n\t\t\t\t\t<div class=\"elementor-column elementor-col-100 elementor-top-column elementor-element elementor-element-c7cedb4\" data-id=\"c7cedb4\" data-element_type=\"column\">\n\t\t\t<div class=\"elementor-widget-wrap\">\n\t\t\t\t\t\t\t\t\t<\/div>\n\t\t<\/div>\n\t\t\t\t\t\t\t<\/div>\n\t\t<\/section>\n\t\t\t\t\t\t\t<\/div>\n\t\t","protected":false},"excerpt":{"rendered":"<p>Pi\u0119kna zima, wiosna, lato&nbsp; &nbsp; &nbsp; &nbsp; &nbsp; &nbsp; &nbsp;&#46;&#46;&#46;<\/p>\n","protected":false},"author":1,"featured_media":529,"comment_status":"closed","ping_status":"closed","sticky":false,"template":"","format":"standard","meta":{"ngg_post_thumbnail":0,"footnotes":""},"categories":[1],"tags":[],"yoast_head":"<!-- This site is optimized with the Yoast SEO plugin v20.8 - https:\/\/yoast.com\/wordpress\/plugins\/seo\/ -->\n<title>Blog kominiarz-bieszczady - Zak\u0142ad Kominiarski &quot;BIESZCZADY&quot;<\/title>\n<meta name=\"description\" content=\"Pi\u0119kna zima, wiosna lato\" \/>\n<meta name=\"robots\" content=\"noindex, follow\" \/>\n<meta property=\"og:locale\" content=\"pl_PL\" \/>\n<meta property=\"og:type\" content=\"article\" \/>\n<meta property=\"og:title\" content=\"Blog kominiarz-bieszczady - Zak\u0142ad Kominiarski &quot;BIESZCZADY&quot;\" \/>\n<meta property=\"og:description\" content=\"Pi\u0119kna zima, wiosna lato\" \/>\n<meta property=\"og:url\" content=\"http:\/\/kominiarz-bieszczady.pl\/blog\/kominiarz\/hello-world\/\" \/>\n<meta property=\"og:site_name\" content=\"Zak\u0142ad Kominiarski &quot;BIESZCZADY&quot;\" \/>\n<meta property=\"article:published_time\" content=\"2020-03-09T07:33:24+00:00\" \/>\n<meta property=\"article:modified_time\" content=\"2025-01-09T13:25:54+00:00\" \/>\n<meta property=\"og:image\" content=\"http:\/\/kominiarz-bieszczady.pl\/blog\/wp-content\/uploads\/2020\/03\/Kulaszne-1024x768-1.jpg\" \/>\n\t<meta property=\"og:image:width\" content=\"400\" \/>\n\t<meta property=\"og:image:height\" content=\"300\" \/>\n\t<meta property=\"og:image:type\" content=\"image\/jpeg\" \/>\n<meta name=\"author\" content=\"admin\" \/>\n<meta name=\"twitter:card\" content=\"summary_large_image\" \/>\n<meta name=\"twitter:label1\" content=\"Napisane przez\" \/>\n\t<meta name=\"twitter:data1\" content=\"admin\" \/>\n\t<meta name=\"twitter:label2\" content=\"Szacowany czas czytania\" \/>\n\t<meta name=\"twitter:data2\" content=\"5 minut\" \/>\n<script type=\"application\/ld+json\" class=\"yoast-schema-graph\">{\"@context\":\"https:\/\/schema.org\",\"@graph\":[{\"@type\":\"Article\",\"@id\":\"http:\/\/kominiarz-bieszczady.pl\/blog\/kominiarz\/hello-world\/#article\",\"isPartOf\":{\"@id\":\"http:\/\/kominiarz-bieszczady.pl\/blog\/kominiarz\/hello-world\/\"},\"author\":{\"name\":\"admin\",\"@id\":\"http:\/\/kominiarz-bieszczady.pl\/blog\/#\/schema\/person\/b35a3c12f4e24759d0125f2c4b3b5f1f\"},\"headline\":\"Blog kominiarz-bieszczady\",\"datePublished\":\"2020-03-09T07:33:24+00:00\",\"dateModified\":\"2025-01-09T13:25:54+00:00\",\"mainEntityOfPage\":{\"@id\":\"http:\/\/kominiarz-bieszczady.pl\/blog\/kominiarz\/hello-world\/\"},\"wordCount\":621,\"publisher\":{\"@id\":\"http:\/\/kominiarz-bieszczady.pl\/blog\/#organization\"},\"articleSection\":[\"KOMINIARZ W BIESZCZADACH WSZYSTKIE WPISY\"],\"inLanguage\":\"pl-PL\"},{\"@type\":\"WebPage\",\"@id\":\"http:\/\/kominiarz-bieszczady.pl\/blog\/kominiarz\/hello-world\/\",\"url\":\"http:\/\/kominiarz-bieszczady.pl\/blog\/kominiarz\/hello-world\/\",\"name\":\"Blog kominiarz-bieszczady - Zak\u0142ad Kominiarski &quot;BIESZCZADY&quot;\",\"isPartOf\":{\"@id\":\"http:\/\/kominiarz-bieszczady.pl\/blog\/#website\"},\"datePublished\":\"2020-03-09T07:33:24+00:00\",\"dateModified\":\"2025-01-09T13:25:54+00:00\",\"description\":\"Pi\u0119kna zima, wiosna lato\",\"breadcrumb\":{\"@id\":\"http:\/\/kominiarz-bieszczady.pl\/blog\/kominiarz\/hello-world\/#breadcrumb\"},\"inLanguage\":\"pl-PL\",\"potentialAction\":[{\"@type\":\"ReadAction\",\"target\":[\"http:\/\/kominiarz-bieszczady.pl\/blog\/kominiarz\/hello-world\/\"]}]},{\"@type\":\"BreadcrumbList\",\"@id\":\"http:\/\/kominiarz-bieszczady.pl\/blog\/kominiarz\/hello-world\/#breadcrumb\",\"itemListElement\":[{\"@type\":\"ListItem\",\"position\":1,\"name\":\"Strona g\u0142\u00f3wna\",\"item\":\"http:\/\/kominiarz-bieszczady.pl\/blog\/\"},{\"@type\":\"ListItem\",\"position\":2,\"name\":\"Blog kominiarz-bieszczady\"}]},{\"@type\":\"WebSite\",\"@id\":\"http:\/\/kominiarz-bieszczady.pl\/blog\/#website\",\"url\":\"http:\/\/kominiarz-bieszczady.pl\/blog\/\",\"name\":\"Zak\u0142ad Kominiarski &quot;BIESZCZADY&quot;\",\"description\":\"Zygmunt Fabian\",\"publisher\":{\"@id\":\"http:\/\/kominiarz-bieszczady.pl\/blog\/#organization\"},\"potentialAction\":[{\"@type\":\"SearchAction\",\"target\":{\"@type\":\"EntryPoint\",\"urlTemplate\":\"http:\/\/kominiarz-bieszczady.pl\/blog\/?s={search_term_string}\"},\"query-input\":\"required name=search_term_string\"}],\"inLanguage\":\"pl-PL\"},{\"@type\":\"Organization\",\"@id\":\"http:\/\/kominiarz-bieszczady.pl\/blog\/#organization\",\"name\":\"Zak\u0142ad Kominiarski \u201eBIESZCZADY\u201d\",\"url\":\"http:\/\/kominiarz-bieszczady.pl\/blog\/\",\"logo\":{\"@type\":\"ImageObject\",\"inLanguage\":\"pl-PL\",\"@id\":\"http:\/\/kominiarz-bieszczady.pl\/blog\/#\/schema\/logo\/image\/\",\"url\":\"http:\/\/kominiarz-bieszczady.pl\/blog\/wp-content\/uploads\/2020\/03\/cropped-logo-1.png\",\"contentUrl\":\"http:\/\/kominiarz-bieszczady.pl\/blog\/wp-content\/uploads\/2020\/03\/cropped-logo-1.png\",\"width\":58,\"height\":100,\"caption\":\"Zak\u0142ad Kominiarski \u201eBIESZCZADY\u201d\"},\"image\":{\"@id\":\"http:\/\/kominiarz-bieszczady.pl\/blog\/#\/schema\/logo\/image\/\"}},{\"@type\":\"Person\",\"@id\":\"http:\/\/kominiarz-bieszczady.pl\/blog\/#\/schema\/person\/b35a3c12f4e24759d0125f2c4b3b5f1f\",\"name\":\"admin\",\"image\":{\"@type\":\"ImageObject\",\"inLanguage\":\"pl-PL\",\"@id\":\"http:\/\/kominiarz-bieszczady.pl\/blog\/#\/schema\/person\/image\/\",\"url\":\"http:\/\/0.gravatar.com\/avatar\/30d654e2fc9a932d4bae93b1b1eaad97?s=96&d=mm&r=g\",\"contentUrl\":\"http:\/\/0.gravatar.com\/avatar\/30d654e2fc9a932d4bae93b1b1eaad97?s=96&d=mm&r=g\",\"caption\":\"admin\"}}]}<\/script>\n<!-- \/ Yoast SEO plugin. -->","yoast_head_json":{"title":"Blog kominiarz-bieszczady - Zak\u0142ad Kominiarski &quot;BIESZCZADY&quot;","description":"Pi\u0119kna zima, wiosna lato","robots":{"index":"noindex","follow":"follow"},"og_locale":"pl_PL","og_type":"article","og_title":"Blog kominiarz-bieszczady - Zak\u0142ad Kominiarski &quot;BIESZCZADY&quot;","og_description":"Pi\u0119kna zima, wiosna lato","og_url":"http:\/\/kominiarz-bieszczady.pl\/blog\/kominiarz\/hello-world\/","og_site_name":"Zak\u0142ad Kominiarski &quot;BIESZCZADY&quot;","article_published_time":"2020-03-09T07:33:24+00:00","article_modified_time":"2025-01-09T13:25:54+00:00","og_image":[{"width":400,"height":300,"url":"http:\/\/kominiarz-bieszczady.pl\/blog\/wp-content\/uploads\/2020\/03\/Kulaszne-1024x768-1.jpg","type":"image\/jpeg"}],"author":"admin","twitter_card":"summary_large_image","twitter_misc":{"Napisane przez":"admin","Szacowany czas czytania":"5 minut"},"schema":{"@context":"https:\/\/schema.org","@graph":[{"@type":"Article","@id":"http:\/\/kominiarz-bieszczady.pl\/blog\/kominiarz\/hello-world\/#article","isPartOf":{"@id":"http:\/\/kominiarz-bieszczady.pl\/blog\/kominiarz\/hello-world\/"},"author":{"name":"admin","@id":"http:\/\/kominiarz-bieszczady.pl\/blog\/#\/schema\/person\/b35a3c12f4e24759d0125f2c4b3b5f1f"},"headline":"Blog kominiarz-bieszczady","datePublished":"2020-03-09T07:33:24+00:00","dateModified":"2025-01-09T13:25:54+00:00","mainEntityOfPage":{"@id":"http:\/\/kominiarz-bieszczady.pl\/blog\/kominiarz\/hello-world\/"},"wordCount":621,"publisher":{"@id":"http:\/\/kominiarz-bieszczady.pl\/blog\/#organization"},"articleSection":["KOMINIARZ W BIESZCZADACH WSZYSTKIE WPISY"],"inLanguage":"pl-PL"},{"@type":"WebPage","@id":"http:\/\/kominiarz-bieszczady.pl\/blog\/kominiarz\/hello-world\/","url":"http:\/\/kominiarz-bieszczady.pl\/blog\/kominiarz\/hello-world\/","name":"Blog kominiarz-bieszczady - Zak\u0142ad Kominiarski &quot;BIESZCZADY&quot;","isPartOf":{"@id":"http:\/\/kominiarz-bieszczady.pl\/blog\/#website"},"datePublished":"2020-03-09T07:33:24+00:00","dateModified":"2025-01-09T13:25:54+00:00","description":"Pi\u0119kna zima, wiosna lato","breadcrumb":{"@id":"http:\/\/kominiarz-bieszczady.pl\/blog\/kominiarz\/hello-world\/#breadcrumb"},"inLanguage":"pl-PL","potentialAction":[{"@type":"ReadAction","target":["http:\/\/kominiarz-bieszczady.pl\/blog\/kominiarz\/hello-world\/"]}]},{"@type":"BreadcrumbList","@id":"http:\/\/kominiarz-bieszczady.pl\/blog\/kominiarz\/hello-world\/#breadcrumb","itemListElement":[{"@type":"ListItem","position":1,"name":"Strona g\u0142\u00f3wna","item":"http:\/\/kominiarz-bieszczady.pl\/blog\/"},{"@type":"ListItem","position":2,"name":"Blog kominiarz-bieszczady"}]},{"@type":"WebSite","@id":"http:\/\/kominiarz-bieszczady.pl\/blog\/#website","url":"http:\/\/kominiarz-bieszczady.pl\/blog\/","name":"Zak\u0142ad Kominiarski &quot;BIESZCZADY&quot;","description":"Zygmunt Fabian","publisher":{"@id":"http:\/\/kominiarz-bieszczady.pl\/blog\/#organization"},"potentialAction":[{"@type":"SearchAction","target":{"@type":"EntryPoint","urlTemplate":"http:\/\/kominiarz-bieszczady.pl\/blog\/?s={search_term_string}"},"query-input":"required name=search_term_string"}],"inLanguage":"pl-PL"},{"@type":"Organization","@id":"http:\/\/kominiarz-bieszczady.pl\/blog\/#organization","name":"Zak\u0142ad Kominiarski \u201eBIESZCZADY\u201d","url":"http:\/\/kominiarz-bieszczady.pl\/blog\/","logo":{"@type":"ImageObject","inLanguage":"pl-PL","@id":"http:\/\/kominiarz-bieszczady.pl\/blog\/#\/schema\/logo\/image\/","url":"http:\/\/kominiarz-bieszczady.pl\/blog\/wp-content\/uploads\/2020\/03\/cropped-logo-1.png","contentUrl":"http:\/\/kominiarz-bieszczady.pl\/blog\/wp-content\/uploads\/2020\/03\/cropped-logo-1.png","width":58,"height":100,"caption":"Zak\u0142ad Kominiarski \u201eBIESZCZADY\u201d"},"image":{"@id":"http:\/\/kominiarz-bieszczady.pl\/blog\/#\/schema\/logo\/image\/"}},{"@type":"Person","@id":"http:\/\/kominiarz-bieszczady.pl\/blog\/#\/schema\/person\/b35a3c12f4e24759d0125f2c4b3b5f1f","name":"admin","image":{"@type":"ImageObject","inLanguage":"pl-PL","@id":"http:\/\/kominiarz-bieszczady.pl\/blog\/#\/schema\/person\/image\/","url":"http:\/\/0.gravatar.com\/avatar\/30d654e2fc9a932d4bae93b1b1eaad97?s=96&d=mm&r=g","contentUrl":"http:\/\/0.gravatar.com\/avatar\/30d654e2fc9a932d4bae93b1b1eaad97?s=96&d=mm&r=g","caption":"admin"}}]}},"_links":{"self":[{"href":"http:\/\/kominiarz-bieszczady.pl\/blog\/wp-json\/wp\/v2\/posts\/1"}],"collection":[{"href":"http:\/\/kominiarz-bieszczady.pl\/blog\/wp-json\/wp\/v2\/posts"}],"about":[{"href":"http:\/\/kominiarz-bieszczady.pl\/blog\/wp-json\/wp\/v2\/types\/post"}],"author":[{"embeddable":true,"href":"http:\/\/kominiarz-bieszczady.pl\/blog\/wp-json\/wp\/v2\/users\/1"}],"replies":[{"embeddable":true,"href":"http:\/\/kominiarz-bieszczady.pl\/blog\/wp-json\/wp\/v2\/comments?post=1"}],"version-history":[{"count":35,"href":"http:\/\/kominiarz-bieszczady.pl\/blog\/wp-json\/wp\/v2\/posts\/1\/revisions"}],"predecessor-version":[{"id":599,"href":"http:\/\/kominiarz-bieszczady.pl\/blog\/wp-json\/wp\/v2\/posts\/1\/revisions\/599"}],"wp:featuredmedia":[{"embeddable":true,"href":"http:\/\/kominiarz-bieszczady.pl\/blog\/wp-json\/wp\/v2\/media\/529"}],"wp:attachment":[{"href":"http:\/\/kominiarz-bieszczady.pl\/blog\/wp-json\/wp\/v2\/media?parent=1"}],"wp:term":[{"taxonomy":"category","embeddable":true,"href":"http:\/\/kominiarz-bieszczady.pl\/blog\/wp-json\/wp\/v2\/categories?post=1"},{"taxonomy":"post_tag","embeddable":true,"href":"http:\/\/kominiarz-bieszczady.pl\/blog\/wp-json\/wp\/v2\/tags?post=1"}],"curies":[{"name":"wp","href":"https:\/\/api.w.org\/{rel}","templated":true}]}}